{"id":2811,"date":"2023-01-16T15:58:23","date_gmt":"2023-01-16T13:58:23","guid":{"rendered":"https:\/\/www.fundaciovallbo.cat\/?p=2811"},"modified":"2023-01-16T15:58:23","modified_gmt":"2023-01-16T13:58:23","slug":"premio-proyecto-uco-social-innova","status":"publish","type":"post","link":"https:\/\/www.fundaciovallbo.cat\/es\/premio-proyecto-uco-social-innova\/","title":{"rendered":"Premio proyecto UCO-SOCIAL INNOVA"},"content":{"rendered":"<p>Uno de los proyectos llevado a cabo por la <a href=\"https:\/\/www.fundaciovallbo.cat\/\" target=\"_blank\" rel=\"noopener\">Fundaci\u00f3n Vallb\u00f3<\/a> en colaboraci\u00f3n con UCO-SOCIAL INNOVA, recibi\u00f3 recientemente un premio por parte de la <a href=\"http:\/\/www.uco.es\/\" target=\"_blank\" rel=\"noopener\">Universidad de C\u00f3rdoba<\/a>. El proyecto premiado se titula:\u00a0<strong>\u201c<\/strong><strong>Evaluaci\u00f3n del uso de compuestos naturales sobre la fermentaci\u00f3n ruminal en ovino y su efecto sobre la emisi\u00f3n de metano para una producci\u00f3n ganadera sostenible y eficiente\u201d<\/strong>.<\/p>\n<p>Este premio viene reconociendo las iniciativas de transferencia y de aplicaci\u00f3n pr\u00e1ctica de conocimiento cuyos resultados tienen un beneficio social y ambiental.<\/p>\n<p>El proyecto fue presentado tambi\u00e9n durante el XXIV Congreso Espa\u00f1ol de Toxicolog\u00eda y VIII Iberoamericano, que se organiz\u00f3 en C\u00f3rdoba entre 9 y 11 de noviembre de 2022.<\/p>\n","protected":false},"excerpt":{"rendered":"<p>Uno de los proyectos llevado a cabo por la Fundaci\u00f3n Vallb\u00f3 en colaboraci\u00f3n con UCO-SOCIAL INNOVA, recibi\u00f3 recientemente un premio por parte de la Universidad de<span class=\"excerpt-hellip\"> [\u2026]<\/span><\/p>\n","protected":false},"author":3,"featured_media":2812,"comment_status":"closed","ping_status":"open","sticky":false,"template":"","format":"standard","meta":{"footnotes":""},"categories":[18],"tags":[42,46,44,45],"class_list":["post-2811","post","type-post","status-publish","format-standard","has-post-thumbnail","hentry","category-noticias","tag-premio","tag-uco","tag-uco-social-innova","tag-universidad-de-cordoba"],"yoast_head":"<!-- This site is optimized with the Yoast SEO plugin v24.6 - https:\/\/yoast.com\/wordpress\/plugins\/seo\/ -->\n<title>Premio proyecto UCO-SOCIAL INNOVA<\/title>\n<meta name=\"description\" content=\"Uno de los proyectos llevado a cabo por la Fundaci\u00f3n Vallb\u00f3 en colaboraci\u00f3n con UCO-SOCIAL INNOVA, recibi\u00f3 recientemente un premio por...\" \/>\n<meta name=\"robots\" content=\"index, follow, max-snippet:-1, max-image-preview:large, max-video-preview:-1\" \/>\n<link rel=\"canonical\" href=\"https:\/\/www.fundaciovallbo.cat\/es\/premio-proyecto-uco-social-innova\/\" \/>\n<meta property=\"og:locale\" content=\"es_ES\" \/>\n<meta property=\"og:type\" content=\"article\" \/>\n<meta property=\"og:title\" content=\"Premio proyecto UCO-SOCIAL INNOVA\" \/>\n<meta property=\"og:description\" content=\"Uno de los proyectos llevado a cabo por la Fundaci\u00f3n Vallb\u00f3 en colaboraci\u00f3n con UCO-SOCIAL INNOVA, recibi\u00f3 recientemente un premio por...\" \/>\n<meta property=\"og:url\" content=\"https:\/\/www.fundaciovallbo.cat\/es\/premio-proyecto-uco-social-innova\/\" \/>\n<meta property=\"og:site_name\" content=\"Fundaci\u00f3 Vallbo\" \/>\n<meta property=\"article:published_time\" content=\"2023-01-16T13:58:23+00:00\" \/>\n<meta property=\"og:image\" content=\"https:\/\/www.fundaciovallbo.cat\/wp-content\/uploads\/2023\/01\/DSC02511.jpg\" \/>\n\t<meta property=\"og:image:width\" content=\"879\" \/>\n\t<meta property=\"og:image:height\" content=\"587\" \/>\n\t<meta property=\"og:image:type\" content=\"image\/jpeg\" \/>\n<meta name=\"author\" content=\"Maria Sabat\u00e9\" \/>\n<meta name=\"twitter:card\" content=\"summary_large_image\" \/>\n<meta name=\"twitter:label1\" content=\"Escrito por\" \/>\n\t<meta name=\"twitter:data1\" content=\"Maria Sabat\u00e9\" \/>\n\t<meta name=\"twitter:label2\" content=\"Tiempo de lectura\" \/>\n\t<meta name=\"twitter:data2\" content=\"1 minuto\" \/>\n<script type=\"application\/ld+json\" class=\"yoast-schema-graph\">{\"@context\":\"https:\/\/schema.org\",\"@graph\":[{\"@type\":\"WebPage\",\"@id\":\"https:\/\/www.fundaciovallbo.cat\/es\/premio-proyecto-uco-social-innova\/\",\"url\":\"https:\/\/www.fundaciovallbo.cat\/es\/premio-proyecto-uco-social-innova\/\",\"name\":\"Premio proyecto UCO-SOCIAL INNOVA\",\"isPartOf\":{\"@id\":\"https:\/\/www.fundaciovallbo.cat\/#website\"},\"primaryImageOfPage\":{\"@id\":\"https:\/\/www.fundaciovallbo.cat\/es\/premio-proyecto-uco-social-innova\/#primaryimage\"},\"image\":{\"@id\":\"https:\/\/www.fundaciovallbo.cat\/es\/premio-proyecto-uco-social-innova\/#primaryimage\"},\"thumbnailUrl\":\"https:\/\/www.fundaciovallbo.cat\/wp-content\/uploads\/2023\/01\/DSC02511.jpg\",\"datePublished\":\"2023-01-16T13:58:23+00:00\",\"author\":{\"@id\":\"https:\/\/www.fundaciovallbo.cat\/#\/schema\/person\/b3fc0af6da5e57a74512ac5196e80641\"},\"description\":\"Uno de los proyectos llevado a cabo por la Fundaci\u00f3n Vallb\u00f3 en colaboraci\u00f3n con UCO-SOCIAL INNOVA, recibi\u00f3 recientemente un premio por...\",\"breadcrumb\":{\"@id\":\"https:\/\/www.fundaciovallbo.cat\/es\/premio-proyecto-uco-social-innova\/#breadcrumb\"},\"inLanguage\":\"es\",\"potentialAction\":[{\"@type\":\"ReadAction\",\"target\":[\"https:\/\/www.fundaciovallbo.cat\/es\/premio-proyecto-uco-social-innova\/\"]}]},{\"@type\":\"ImageObject\",\"inLanguage\":\"es\",\"@id\":\"https:\/\/www.fundaciovallbo.cat\/es\/premio-proyecto-uco-social-innova\/#primaryimage\",\"url\":\"https:\/\/www.fundaciovallbo.cat\/wp-content\/uploads\/2023\/01\/DSC02511.jpg\",\"contentUrl\":\"https:\/\/www.fundaciovallbo.cat\/wp-content\/uploads\/2023\/01\/DSC02511.jpg\",\"width\":879,\"height\":587,\"caption\":\"Premio proyecto UCO-SOCIAL INNOVA\"},{\"@type\":\"BreadcrumbList\",\"@id\":\"https:\/\/www.fundaciovallbo.cat\/es\/premio-proyecto-uco-social-innova\/#breadcrumb\",\"itemListElement\":[{\"@type\":\"ListItem\",\"position\":1,\"name\":\"Home\",\"item\":\"https:\/\/www.fundaciovallbo.cat\/es\/\"},{\"@type\":\"ListItem\",\"position\":2,\"name\":\"Premio proyecto UCO-SOCIAL INNOVA\"}]},{\"@type\":\"WebSite\",\"@id\":\"https:\/\/www.fundaciovallbo.cat\/#website\",\"url\":\"https:\/\/www.fundaciovallbo.cat\/\",\"name\":\"Fundaci\u00f3 Vallbo\",\"description\":\"\",\"potentialAction\":[{\"@type\":\"SearchAction\",\"target\":{\"@type\":\"EntryPoint\",\"urlTemplate\":\"https:\/\/www.fundaciovallbo.cat\/?s={search_term_string}\"},\"query-input\":{\"@type\":\"PropertyValueSpecification\",\"valueRequired\":true,\"valueName\":\"search_term_string\"}}],\"inLanguage\":\"es\"},{\"@type\":\"Person\",\"@id\":\"https:\/\/www.fundaciovallbo.cat\/#\/schema\/person\/b3fc0af6da5e57a74512ac5196e80641\",\"name\":\"Maria Sabat\u00e9\",\"image\":{\"@type\":\"ImageObject\",\"inLanguage\":\"es\",\"@id\":\"https:\/\/www.fundaciovallbo.cat\/#\/schema\/person\/image\/\",\"url\":\"https:\/\/secure.gravatar.com\/avatar\/c541902af0887aef7e34984eb06103e1?s=96&d=mm&r=g\",\"contentUrl\":\"https:\/\/secure.gravatar.com\/avatar\/c541902af0887aef7e34984eb06103e1?s=96&d=mm&r=g\",\"caption\":\"Maria Sabat\u00e9\"},\"url\":\"https:\/\/www.fundaciovallbo.cat\/es\/author\/mariasabate\/\"}]}<\/script>\n<!-- \/ Yoast SEO plugin. -->","yoast_head_json":{"title":"Premio proyecto UCO-SOCIAL INNOVA","description":"Uno de los proyectos llevado a cabo por la Fundaci\u00f3n Vallb\u00f3 en colaboraci\u00f3n con UCO-SOCIAL INNOVA, recibi\u00f3 recientemente un premio por...","robots":{"index":"index","follow":"follow","max-snippet":"max-snippet:-1","max-image-preview":"max-image-preview:large","max-video-preview":"max-video-preview:-1"},"canonical":"https:\/\/www.fundaciovallbo.cat\/es\/premio-proyecto-uco-social-innova\/","og_locale":"es_ES","og_type":"article","og_title":"Premio proyecto UCO-SOCIAL INNOVA","og_description":"Uno de los proyectos llevado a cabo por la Fundaci\u00f3n Vallb\u00f3 en colaboraci\u00f3n con UCO-SOCIAL INNOVA, recibi\u00f3 recientemente un premio por...","og_url":"https:\/\/www.fundaciovallbo.cat\/es\/premio-proyecto-uco-social-innova\/","og_site_name":"Fundaci\u00f3 Vallbo","article_published_time":"2023-01-16T13:58:23+00:00","og_image":[{"width":879,"height":587,"url":"https:\/\/www.fundaciovallbo.cat\/wp-content\/uploads\/2023\/01\/DSC02511.jpg","type":"image\/jpeg"}],"author":"Maria Sabat\u00e9","twitter_card":"summary_large_image","twitter_misc":{"Escrito por":"Maria Sabat\u00e9","Tiempo de lectura":"1 minuto"},"schema":{"@context":"https:\/\/schema.org","@graph":[{"@type":"WebPage","@id":"https:\/\/www.fundaciovallbo.cat\/es\/premio-proyecto-uco-social-innova\/","url":"https:\/\/www.fundaciovallbo.cat\/es\/premio-proyecto-uco-social-innova\/","name":"Premio proyecto UCO-SOCIAL INNOVA","isPartOf":{"@id":"https:\/\/www.fundaciovallbo.cat\/#website"},"primaryImageOfPage":{"@id":"https:\/\/www.fundaciovallbo.cat\/es\/premio-proyecto-uco-social-innova\/#primaryimage"},"image":{"@id":"https:\/\/www.fundaciovallbo.cat\/es\/premio-proyecto-uco-social-innova\/#primaryimage"},"thumbnailUrl":"https:\/\/www.fundaciovallbo.cat\/wp-content\/uploads\/2023\/01\/DSC02511.jpg","datePublished":"2023-01-16T13:58:23+00:00","author":{"@id":"https:\/\/www.fundaciovallbo.cat\/#\/schema\/person\/b3fc0af6da5e57a74512ac5196e80641"},"description":"Uno de los proyectos llevado a cabo por la Fundaci\u00f3n Vallb\u00f3 en colaboraci\u00f3n con UCO-SOCIAL INNOVA, recibi\u00f3 recientemente un premio por...","breadcrumb":{"@id":"https:\/\/www.fundaciovallbo.cat\/es\/premio-proyecto-uco-social-innova\/#breadcrumb"},"inLanguage":"es","potentialAction":[{"@type":"ReadAction","target":["https:\/\/www.fundaciovallbo.cat\/es\/premio-proyecto-uco-social-innova\/"]}]},{"@type":"ImageObject","inLanguage":"es","@id":"https:\/\/www.fundaciovallbo.cat\/es\/premio-proyecto-uco-social-innova\/#primaryimage","url":"https:\/\/www.fundaciovallbo.cat\/wp-content\/uploads\/2023\/01\/DSC02511.jpg","contentUrl":"https:\/\/www.fundaciovallbo.cat\/wp-content\/uploads\/2023\/01\/DSC02511.jpg","width":879,"height":587,"caption":"Premio proyecto UCO-SOCIAL INNOVA"},{"@type":"BreadcrumbList","@id":"https:\/\/www.fundaciovallbo.cat\/es\/premio-proyecto-uco-social-innova\/#breadcrumb","itemListElement":[{"@type":"ListItem","position":1,"name":"Home","item":"https:\/\/www.fundaciovallbo.cat\/es\/"},{"@type":"ListItem","position":2,"name":"Premio proyecto UCO-SOCIAL INNOVA"}]},{"@type":"WebSite","@id":"https:\/\/www.fundaciovallbo.cat\/#website","url":"https:\/\/www.fundaciovallbo.cat\/","name":"Fundaci\u00f3 Vallbo","description":"","potentialAction":[{"@type":"SearchAction","target":{"@type":"EntryPoint","urlTemplate":"https:\/\/www.fundaciovallbo.cat\/?s={search_term_string}"},"query-input":{"@type":"PropertyValueSpecification","valueRequired":true,"valueName":"search_term_string"}}],"inLanguage":"es"},{"@type":"Person","@id":"https:\/\/www.fundaciovallbo.cat\/#\/schema\/person\/b3fc0af6da5e57a74512ac5196e80641","name":"Maria Sabat\u00e9","image":{"@type":"ImageObject","inLanguage":"es","@id":"https:\/\/www.fundaciovallbo.cat\/#\/schema\/person\/image\/","url":"https:\/\/secure.gravatar.com\/avatar\/c541902af0887aef7e34984eb06103e1?s=96&d=mm&r=g","contentUrl":"https:\/\/secure.gravatar.com\/avatar\/c541902af0887aef7e34984eb06103e1?s=96&d=mm&r=g","caption":"Maria Sabat\u00e9"},"url":"https:\/\/www.fundaciovallbo.cat\/es\/author\/mariasabate\/"}]}},"_links":{"self":[{"href":"https:\/\/www.fundaciovallbo.cat\/es\/wp-json\/wp\/v2\/posts\/2811","targetHints":{"allow":["GET"]}}],"collection":[{"href":"https:\/\/www.fundaciovallbo.cat\/es\/wp-json\/wp\/v2\/posts"}],"about":[{"href":"https:\/\/www.fundaciovallbo.cat\/es\/wp-json\/wp\/v2\/types\/post"}],"author":[{"embeddable":true,"href":"https:\/\/www.fundaciovallbo.cat\/es\/wp-json\/wp\/v2\/users\/3"}],"replies":[{"embeddable":true,"href":"https:\/\/www.fundaciovallbo.cat\/es\/wp-json\/wp\/v2\/comments?post=2811"}],"version-history":[{"count":1,"href":"https:\/\/www.fundaciovallbo.cat\/es\/wp-json\/wp\/v2\/posts\/2811\/revisions"}],"predecessor-version":[{"id":2814,"href":"https:\/\/www.fundaciovallbo.cat\/es\/wp-json\/wp\/v2\/posts\/2811\/revisions\/2814"}],"wp:featuredmedia":[{"embeddable":true,"href":"https:\/\/www.fundaciovallbo.cat\/es\/wp-json\/wp\/v2\/media\/2812"}],"wp:attachment":[{"href":"https:\/\/www.fundaciovallbo.cat\/es\/wp-json\/wp\/v2\/media?parent=2811"}],"wp:term":[{"taxonomy":"category","embeddable":true,"href":"https:\/\/www.fundaciovallbo.cat\/es\/wp-json\/wp\/v2\/categories?post=2811"},{"taxonomy":"post_tag","embeddable":true,"href":"https:\/\/www.fundaciovallbo.cat\/es\/wp-json\/wp\/v2\/tags?post=2811"}],"curies":[{"name":"wp","href":"https:\/\/api.w.org\/{rel}","templated":true}]}}