{"id":2787,"date":"2022-11-21T13:33:19","date_gmt":"2022-11-21T11:33:19","guid":{"rendered":"https:\/\/www.fundaciovallbo.cat\/?p=2787"},"modified":"2022-11-21T13:37:29","modified_gmt":"2022-11-21T11:37:29","slug":"presencia-de-la-fundacion-vallbo-en-el-xxiv-congreso-espanol-de-toxicologia-y-viii-iberoamericano","status":"publish","type":"post","link":"https:\/\/www.fundaciovallbo.cat\/es\/presencia-de-la-fundacion-vallbo-en-el-xxiv-congreso-espanol-de-toxicologia-y-viii-iberoamericano\/","title":{"rendered":"Presencia de la Fundaci\u00f3n Vallbo en el XXIV Congreso Espa\u00f1ol de Toxicolog\u00eda y VIII Iberoamericano"},"content":{"rendered":"<p><strong>La Asociaci\u00f3n Espa\u00f1ola de Toxicolog\u00eda (AETOX)<\/strong> en colaboraci\u00f3n con la <strong>\u00c1rea de Toxicolog\u00eda de la Universidad de C\u00f3rdoba <\/strong>organizaron el <a href=\"https:\/\/www.congresoaetox2022.com\/\"><strong>XXIV Congreso Espa\u00f1ol de Toxicolog\u00eda y VIII Iberoamericano<\/strong><\/a>, que se celebr\u00f3 en <strong>C\u00f3rdoba durante los d\u00edas 9 -11 de noviembre de 2022<\/strong>.<\/p>\n<p>El programa estuvo abierto para la participaci\u00f3n de todos los asociados <a href=\"https:\/\/www.aetox.es\/\">AETOX<\/a> y profesionales del \u00e1mbito de Toxicolog\u00eda.<\/p>\n<p>En esta ocasi\u00f3n,<strong> la Fundaci\u00f3n Vallbo<\/strong>\u00a0estuvo presente durante todo el congreso informando sobre la concesi\u00f3n de becas para estudios superiores de veterinaria y ayudas a la investigaci\u00f3n veterinaria.<\/p>\n<p><img loading=\"lazy\" decoding=\"async\" class=\"size-full wp-image-2778 aligncenter\" src=\"https:\/\/www.fundaciovallbo.cat\/wp-content\/uploads\/2022\/11\/01.jpg\" alt=\"\" width=\"1111\" height=\"417\" srcset=\"https:\/\/www.fundaciovallbo.cat\/wp-content\/uploads\/2022\/11\/01.jpg 1111w, https:\/\/www.fundaciovallbo.cat\/wp-content\/uploads\/2022\/11\/01-300x113.jpg 300w, https:\/\/www.fundaciovallbo.cat\/wp-content\/uploads\/2022\/11\/01-1024x384.jpg 1024w, https:\/\/www.fundaciovallbo.cat\/wp-content\/uploads\/2022\/11\/01-768x288.jpg 768w, https:\/\/www.fundaciovallbo.cat\/wp-content\/uploads\/2022\/11\/01-260x98.jpg 260w, https:\/\/www.fundaciovallbo.cat\/wp-content\/uploads\/2022\/11\/01-50x19.jpg 50w, https:\/\/www.fundaciovallbo.cat\/wp-content\/uploads\/2022\/11\/01-150x56.jpg 150w\" sizes=\"auto, (max-width:767px) 480px, (max-width:1111px) 100vw, 1111px\" \/><\/p>\n","protected":false},"excerpt":{"rendered":"<p>La Asociaci\u00f3n Espa\u00f1ola de Toxicolog\u00eda (AETOX) en colaboraci\u00f3n con la \u00c1rea de Toxicolog\u00eda de la Universidad de C\u00f3rdoba organizaron el XXIV Congreso Espa\u00f1ol de Toxicolog\u00eda y<span class=\"excerpt-hellip\"> [\u2026]<\/span><\/p>\n","protected":false},"author":3,"featured_media":2769,"comment_status":"closed","ping_status":"open","sticky":false,"template":"","format":"standard","meta":{"footnotes":""},"categories":[18],"tags":[20,40],"class_list":["post-2787","post","type-post","status-publish","format-standard","has-post-thumbnail","hentry","category-noticias","tag-aetox","tag-congress-es"],"yoast_head":"<!-- This site is optimized with the Yoast SEO plugin v24.6 - https:\/\/yoast.com\/wordpress\/plugins\/seo\/ -->\n<title>Presencia de la Fundaci\u00f3n Vallbo en el XXIV Congreso Espa\u00f1ol de Toxicolog\u00eda y VIII Iberoamericano - Fundaci\u00f3 Vallbo<\/title>\n<meta name=\"robots\" content=\"noindex, nofollow\" \/>\n<meta property=\"og:locale\" content=\"es_ES\" \/>\n<meta property=\"og:type\" content=\"article\" \/>\n<meta property=\"og:title\" content=\"Presencia de la Fundaci\u00f3n Vallbo en el XXIV Congreso Espa\u00f1ol de Toxicolog\u00eda y VIII Iberoamericano - Fundaci\u00f3 Vallbo\" \/>\n<meta property=\"og:description\" content=\"La Asociaci\u00f3n Espa\u00f1ola de Toxicolog\u00eda (AETOX) en colaboraci\u00f3n con la \u00c1rea de Toxicolog\u00eda de la Universidad de C\u00f3rdoba organizaron el XXIV Congreso Espa\u00f1ol de Toxicolog\u00eda y [\u2026]\" \/>\n<meta property=\"og:url\" content=\"https:\/\/www.fundaciovallbo.cat\/es\/presencia-de-la-fundacion-vallbo-en-el-xxiv-congreso-espanol-de-toxicologia-y-viii-iberoamericano\/\" \/>\n<meta property=\"og:site_name\" content=\"Fundaci\u00f3 Vallbo\" \/>\n<meta property=\"article:published_time\" content=\"2022-11-21T11:33:19+00:00\" \/>\n<meta property=\"article:modified_time\" content=\"2022-11-21T11:37:29+00:00\" \/>\n<meta property=\"og:image\" content=\"https:\/\/www.fundaciovallbo.cat\/wp-content\/uploads\/2022\/11\/1668605951584-opt.jpg\" \/>\n\t<meta property=\"og:image:width\" content=\"1024\" \/>\n\t<meta property=\"og:image:height\" content=\"663\" \/>\n\t<meta property=\"og:image:type\" content=\"image\/jpeg\" \/>\n<meta name=\"author\" content=\"Maria Sabat\u00e9\" \/>\n<meta name=\"twitter:card\" content=\"summary_large_image\" \/>\n<meta name=\"twitter:label1\" content=\"Escrito por\" \/>\n\t<meta name=\"twitter:data1\" content=\"Maria Sabat\u00e9\" \/>\n\t<meta name=\"twitter:label2\" content=\"Tiempo de lectura\" \/>\n\t<meta name=\"twitter:data2\" content=\"1 minuto\" \/>\n<script type=\"application\/ld+json\" class=\"yoast-schema-graph\">{\"@context\":\"https:\/\/schema.org\",\"@graph\":[{\"@type\":\"WebPage\",\"@id\":\"https:\/\/www.fundaciovallbo.cat\/es\/presencia-de-la-fundacion-vallbo-en-el-xxiv-congreso-espanol-de-toxicologia-y-viii-iberoamericano\/\",\"url\":\"https:\/\/www.fundaciovallbo.cat\/es\/presencia-de-la-fundacion-vallbo-en-el-xxiv-congreso-espanol-de-toxicologia-y-viii-iberoamericano\/\",\"name\":\"Presencia de la Fundaci\u00f3n Vallbo en el XXIV Congreso Espa\u00f1ol de Toxicolog\u00eda y VIII Iberoamericano - Fundaci\u00f3 Vallbo\",\"isPartOf\":{\"@id\":\"https:\/\/www.fundaciovallbo.cat\/#website\"},\"primaryImageOfPage\":{\"@id\":\"https:\/\/www.fundaciovallbo.cat\/es\/presencia-de-la-fundacion-vallbo-en-el-xxiv-congreso-espanol-de-toxicologia-y-viii-iberoamericano\/#primaryimage\"},\"image\":{\"@id\":\"https:\/\/www.fundaciovallbo.cat\/es\/presencia-de-la-fundacion-vallbo-en-el-xxiv-congreso-espanol-de-toxicologia-y-viii-iberoamericano\/#primaryimage\"},\"thumbnailUrl\":\"https:\/\/www.fundaciovallbo.cat\/wp-content\/uploads\/2022\/11\/1668605951584-opt.jpg\",\"datePublished\":\"2022-11-21T11:33:19+00:00\",\"dateModified\":\"2022-11-21T11:37:29+00:00\",\"author\":{\"@id\":\"https:\/\/www.fundaciovallbo.cat\/#\/schema\/person\/b3fc0af6da5e57a74512ac5196e80641\"},\"breadcrumb\":{\"@id\":\"https:\/\/www.fundaciovallbo.cat\/es\/presencia-de-la-fundacion-vallbo-en-el-xxiv-congreso-espanol-de-toxicologia-y-viii-iberoamericano\/#breadcrumb\"},\"inLanguage\":\"es\",\"potentialAction\":[{\"@type\":\"ReadAction\",\"target\":[\"https:\/\/www.fundaciovallbo.cat\/es\/presencia-de-la-fundacion-vallbo-en-el-xxiv-congreso-espanol-de-toxicologia-y-viii-iberoamericano\/\"]}]},{\"@type\":\"ImageObject\",\"inLanguage\":\"es\",\"@id\":\"https:\/\/www.fundaciovallbo.cat\/es\/presencia-de-la-fundacion-vallbo-en-el-xxiv-congreso-espanol-de-toxicologia-y-viii-iberoamericano\/#primaryimage\",\"url\":\"https:\/\/www.fundaciovallbo.cat\/wp-content\/uploads\/2022\/11\/1668605951584-opt.jpg\",\"contentUrl\":\"https:\/\/www.fundaciovallbo.cat\/wp-content\/uploads\/2022\/11\/1668605951584-opt.jpg\",\"width\":1024,\"height\":663,\"caption\":\"La Fundaci\u00f3n Vallbo presente en el XXIV Congreso Espa\u00f1ol de Toxicolog\u00eda\"},{\"@type\":\"BreadcrumbList\",\"@id\":\"https:\/\/www.fundaciovallbo.cat\/es\/presencia-de-la-fundacion-vallbo-en-el-xxiv-congreso-espanol-de-toxicologia-y-viii-iberoamericano\/#breadcrumb\",\"itemListElement\":[{\"@type\":\"ListItem\",\"position\":1,\"name\":\"Home\",\"item\":\"https:\/\/www.fundaciovallbo.cat\/es\/\"},{\"@type\":\"ListItem\",\"position\":2,\"name\":\"Presencia de la Fundaci\u00f3n Vallbo en el XXIV Congreso Espa\u00f1ol de Toxicolog\u00eda y VIII Iberoamericano\"}]},{\"@type\":\"WebSite\",\"@id\":\"https:\/\/www.fundaciovallbo.cat\/#website\",\"url\":\"https:\/\/www.fundaciovallbo.cat\/\",\"name\":\"Fundaci\u00f3 Vallbo\",\"description\":\"\",\"potentialAction\":[{\"@type\":\"SearchAction\",\"target\":{\"@type\":\"EntryPoint\",\"urlTemplate\":\"https:\/\/www.fundaciovallbo.cat\/?s={search_term_string}\"},\"query-input\":{\"@type\":\"PropertyValueSpecification\",\"valueRequired\":true,\"valueName\":\"search_term_string\"}}],\"inLanguage\":\"es\"},{\"@type\":\"Person\",\"@id\":\"https:\/\/www.fundaciovallbo.cat\/#\/schema\/person\/b3fc0af6da5e57a74512ac5196e80641\",\"name\":\"Maria Sabat\u00e9\",\"image\":{\"@type\":\"ImageObject\",\"inLanguage\":\"es\",\"@id\":\"https:\/\/www.fundaciovallbo.cat\/#\/schema\/person\/image\/\",\"url\":\"https:\/\/secure.gravatar.com\/avatar\/c541902af0887aef7e34984eb06103e1?s=96&d=mm&r=g\",\"contentUrl\":\"https:\/\/secure.gravatar.com\/avatar\/c541902af0887aef7e34984eb06103e1?s=96&d=mm&r=g\",\"caption\":\"Maria Sabat\u00e9\"},\"url\":\"https:\/\/www.fundaciovallbo.cat\/es\/author\/mariasabate\/\"}]}<\/script>\n<!-- \/ Yoast SEO plugin. -->","yoast_head_json":{"title":"Presencia de la Fundaci\u00f3n Vallbo en el XXIV Congreso Espa\u00f1ol de Toxicolog\u00eda y VIII Iberoamericano - Fundaci\u00f3 Vallbo","robots":{"index":"noindex","follow":"nofollow"},"og_locale":"es_ES","og_type":"article","og_title":"Presencia de la Fundaci\u00f3n Vallbo en el XXIV Congreso Espa\u00f1ol de Toxicolog\u00eda y VIII Iberoamericano - Fundaci\u00f3 Vallbo","og_description":"La Asociaci\u00f3n Espa\u00f1ola de Toxicolog\u00eda (AETOX) en colaboraci\u00f3n con la \u00c1rea de Toxicolog\u00eda de la Universidad de C\u00f3rdoba organizaron el XXIV Congreso Espa\u00f1ol de Toxicolog\u00eda y [\u2026]","og_url":"https:\/\/www.fundaciovallbo.cat\/es\/presencia-de-la-fundacion-vallbo-en-el-xxiv-congreso-espanol-de-toxicologia-y-viii-iberoamericano\/","og_site_name":"Fundaci\u00f3 Vallbo","article_published_time":"2022-11-21T11:33:19+00:00","article_modified_time":"2022-11-21T11:37:29+00:00","og_image":[{"width":1024,"height":663,"url":"https:\/\/www.fundaciovallbo.cat\/wp-content\/uploads\/2022\/11\/1668605951584-opt.jpg","type":"image\/jpeg"}],"author":"Maria Sabat\u00e9","twitter_card":"summary_large_image","twitter_misc":{"Escrito por":"Maria Sabat\u00e9","Tiempo de lectura":"1 minuto"},"schema":{"@context":"https:\/\/schema.org","@graph":[{"@type":"WebPage","@id":"https:\/\/www.fundaciovallbo.cat\/es\/presencia-de-la-fundacion-vallbo-en-el-xxiv-congreso-espanol-de-toxicologia-y-viii-iberoamericano\/","url":"https:\/\/www.fundaciovallbo.cat\/es\/presencia-de-la-fundacion-vallbo-en-el-xxiv-congreso-espanol-de-toxicologia-y-viii-iberoamericano\/","name":"Presencia de la Fundaci\u00f3n Vallbo en el XXIV Congreso Espa\u00f1ol de Toxicolog\u00eda y VIII Iberoamericano - Fundaci\u00f3 Vallbo","isPartOf":{"@id":"https:\/\/www.fundaciovallbo.cat\/#website"},"primaryImageOfPage":{"@id":"https:\/\/www.fundaciovallbo.cat\/es\/presencia-de-la-fundacion-vallbo-en-el-xxiv-congreso-espanol-de-toxicologia-y-viii-iberoamericano\/#primaryimage"},"image":{"@id":"https:\/\/www.fundaciovallbo.cat\/es\/presencia-de-la-fundacion-vallbo-en-el-xxiv-congreso-espanol-de-toxicologia-y-viii-iberoamericano\/#primaryimage"},"thumbnailUrl":"https:\/\/www.fundaciovallbo.cat\/wp-content\/uploads\/2022\/11\/1668605951584-opt.jpg","datePublished":"2022-11-21T11:33:19+00:00","dateModified":"2022-11-21T11:37:29+00:00","author":{"@id":"https:\/\/www.fundaciovallbo.cat\/#\/schema\/person\/b3fc0af6da5e57a74512ac5196e80641"},"breadcrumb":{"@id":"https:\/\/www.fundaciovallbo.cat\/es\/presencia-de-la-fundacion-vallbo-en-el-xxiv-congreso-espanol-de-toxicologia-y-viii-iberoamericano\/#breadcrumb"},"inLanguage":"es","potentialAction":[{"@type":"ReadAction","target":["https:\/\/www.fundaciovallbo.cat\/es\/presencia-de-la-fundacion-vallbo-en-el-xxiv-congreso-espanol-de-toxicologia-y-viii-iberoamericano\/"]}]},{"@type":"ImageObject","inLanguage":"es","@id":"https:\/\/www.fundaciovallbo.cat\/es\/presencia-de-la-fundacion-vallbo-en-el-xxiv-congreso-espanol-de-toxicologia-y-viii-iberoamericano\/#primaryimage","url":"https:\/\/www.fundaciovallbo.cat\/wp-content\/uploads\/2022\/11\/1668605951584-opt.jpg","contentUrl":"https:\/\/www.fundaciovallbo.cat\/wp-content\/uploads\/2022\/11\/1668605951584-opt.jpg","width":1024,"height":663,"caption":"La Fundaci\u00f3n Vallbo presente en el XXIV Congreso Espa\u00f1ol de Toxicolog\u00eda"},{"@type":"BreadcrumbList","@id":"https:\/\/www.fundaciovallbo.cat\/es\/presencia-de-la-fundacion-vallbo-en-el-xxiv-congreso-espanol-de-toxicologia-y-viii-iberoamericano\/#breadcrumb","itemListElement":[{"@type":"ListItem","position":1,"name":"Home","item":"https:\/\/www.fundaciovallbo.cat\/es\/"},{"@type":"ListItem","position":2,"name":"Presencia de la Fundaci\u00f3n Vallbo en el XXIV Congreso Espa\u00f1ol de Toxicolog\u00eda y VIII Iberoamericano"}]},{"@type":"WebSite","@id":"https:\/\/www.fundaciovallbo.cat\/#website","url":"https:\/\/www.fundaciovallbo.cat\/","name":"Fundaci\u00f3 Vallbo","description":"","potentialAction":[{"@type":"SearchAction","target":{"@type":"EntryPoint","urlTemplate":"https:\/\/www.fundaciovallbo.cat\/?s={search_term_string}"},"query-input":{"@type":"PropertyValueSpecification","valueRequired":true,"valueName":"search_term_string"}}],"inLanguage":"es"},{"@type":"Person","@id":"https:\/\/www.fundaciovallbo.cat\/#\/schema\/person\/b3fc0af6da5e57a74512ac5196e80641","name":"Maria Sabat\u00e9","image":{"@type":"ImageObject","inLanguage":"es","@id":"https:\/\/www.fundaciovallbo.cat\/#\/schema\/person\/image\/","url":"https:\/\/secure.gravatar.com\/avatar\/c541902af0887aef7e34984eb06103e1?s=96&d=mm&r=g","contentUrl":"https:\/\/secure.gravatar.com\/avatar\/c541902af0887aef7e34984eb06103e1?s=96&d=mm&r=g","caption":"Maria Sabat\u00e9"},"url":"https:\/\/www.fundaciovallbo.cat\/es\/author\/mariasabate\/"}]}},"_links":{"self":[{"href":"https:\/\/www.fundaciovallbo.cat\/es\/wp-json\/wp\/v2\/posts\/2787","targetHints":{"allow":["GET"]}}],"collection":[{"href":"https:\/\/www.fundaciovallbo.cat\/es\/wp-json\/wp\/v2\/posts"}],"about":[{"href":"https:\/\/www.fundaciovallbo.cat\/es\/wp-json\/wp\/v2\/types\/post"}],"author":[{"embeddable":true,"href":"https:\/\/www.fundaciovallbo.cat\/es\/wp-json\/wp\/v2\/users\/3"}],"replies":[{"embeddable":true,"href":"https:\/\/www.fundaciovallbo.cat\/es\/wp-json\/wp\/v2\/comments?post=2787"}],"version-history":[{"count":3,"href":"https:\/\/www.fundaciovallbo.cat\/es\/wp-json\/wp\/v2\/posts\/2787\/revisions"}],"predecessor-version":[{"id":2794,"href":"https:\/\/www.fundaciovallbo.cat\/es\/wp-json\/wp\/v2\/posts\/2787\/revisions\/2794"}],"wp:featuredmedia":[{"embeddable":true,"href":"https:\/\/www.fundaciovallbo.cat\/es\/wp-json\/wp\/v2\/media\/2769"}],"wp:attachment":[{"href":"https:\/\/www.fundaciovallbo.cat\/es\/wp-json\/wp\/v2\/media?parent=2787"}],"wp:term":[{"taxonomy":"category","embeddable":true,"href":"https:\/\/www.fundaciovallbo.cat\/es\/wp-json\/wp\/v2\/categories?post=2787"},{"taxonomy":"post_tag","embeddable":true,"href":"https:\/\/www.fundaciovallbo.cat\/es\/wp-json\/wp\/v2\/tags?post=2787"}],"curies":[{"name":"wp","href":"https:\/\/api.w.org\/{rel}","templated":true}]}}