{"id":2750,"date":"2022-10-11T10:45:35","date_gmt":"2022-10-11T08:45:35","guid":{"rendered":"https:\/\/www.fundaciovallbo.cat\/?p=2750"},"modified":"2022-10-11T10:45:35","modified_gmt":"2022-10-11T08:45:35","slug":"participamos-en-el-xxiv-congreso-espanol-de-toxicologia-y-viii-iberoamericano","status":"publish","type":"post","link":"https:\/\/www.fundaciovallbo.cat\/es\/participamos-en-el-xxiv-congreso-espanol-de-toxicologia-y-viii-iberoamericano\/","title":{"rendered":"Participamos en el XXIV Congreso Espa\u00f1ol de Toxicolog\u00eda y VIII Iberoamericano"},"content":{"rendered":"<p>La <strong>Fundaci\u00f3n Vallbo<\/strong> participar\u00e1 los d\u00edas <strong>9, 10 y 11 de noviembre de 2022 en el XXIV Congreso Espa\u00f1ol de Toxicolog\u00eda y VIII Iberoamericano<\/strong> que se organizar\u00e1 en el rectorado de la Universidad de C\u00f3rdoba. Miembros de la fundaci\u00f3n estar\u00e1n presentes en el stand para atender las consultas de los interesados.<\/p>\n<p>Adem\u00e1s, la Fundaci\u00f3n Vallbo presentar\u00e1 los resultados de <strong>un estudio que eval\u00faa el efecto de conservantes naturales en la flora y fermentaci\u00f3n ruminal.<\/strong><\/p>\n<p>Para este estudio experimental se usaron ovejas a las cu\u00e1les se les administr\u00f3 dos tipos de dietas diferentes con el fin de evaluar si la adici\u00f3n de estos extractos tuvo efecto sobre la composici\u00f3n de la flora y la fermentaci\u00f3n ruminal, una vez el sustrato fue ingerido por el animal.<\/p>\n<p>Este proyecto fue llevado a cabo juntamente con el Departamento de Producci\u00f3n Animal de la UCO y durante el Congreso de Toxicolog\u00eda miembros del equipo investigador expondr\u00e1n los resultados.<\/p>\n<h2><strong>Sobre el XXIV Congreso Espa\u00f1ol de Toxicolog\u00eda y VIII Iberoamericano<\/strong><\/h2>\n<p>El congreso est\u00e1 organizado por la Asociaci\u00f3n Espa\u00f1ola de Toxicolog\u00eda (AETOX) y las sesiones tem\u00e1ticas de las diferentes Secciones de la AETOX mostrar\u00e1n, mediante la celebraci\u00f3n de conferencias, mesas redondas, as\u00ed como comunicaciones orales y carteles, los principales avances cient\u00edficos y problem\u00e1ticas de cada una de ellas. La finalidad es lograr un entorno de cooperaci\u00f3n e intercambio de conocimientos entre los grupos participantes.<\/p>\n","protected":false},"excerpt":{"rendered":"<p>La Fundaci\u00f3n Vallbo participar\u00e1 los d\u00edas 9, 10 y 11 de noviembre de 2022 en el XXIV Congreso Espa\u00f1ol de Toxicolog\u00eda y VIII Iberoamericano que se<span class=\"excerpt-hellip\"> [\u2026]<\/span><\/p>\n","protected":false},"author":3,"featured_media":2751,"comment_status":"closed","ping_status":"open","sticky":false,"template":"","format":"standard","meta":{"footnotes":""},"categories":[18],"tags":[20,19,22,21],"class_list":["post-2750","post","type-post","status-publish","format-standard","has-post-thumbnail","hentry","category-noticias","tag-aetox","tag-asociacion-espanola-de-toxicologia","tag-congreso","tag-xxiv-congreso-espanol-de-toxicologia-y-viii-iberoamericano"],"yoast_head":"<!-- This site is optimized with the Yoast SEO plugin v24.6 - https:\/\/yoast.com\/wordpress\/plugins\/seo\/ -->\n<title>Participamos en el XXIV Congreso Espa\u00f1ol de Toxicolog\u00eda y VIII Iberoamericano<\/title>\n<meta name=\"description\" content=\"La Fundaci\u00f3n Vallbo participar\u00e1 los d\u00edas 9, 10 y 11 de noviembre de 2022 en el XXIV Congreso Espa\u00f1ol de Toxicolog\u00eda y VIII Iberoamericano que se organizar\u00e1 en el rectorado de la Universidad de C\u00f3rdoba. Miembros de la fundaci\u00f3n estar\u00e1n presentes en el stand para atender las consultas de los interesados.\" \/>\n<meta name=\"robots\" content=\"index, follow, max-snippet:-1, max-image-preview:large, max-video-preview:-1\" \/>\n<link rel=\"canonical\" href=\"https:\/\/www.fundaciovallbo.cat\/es\/participamos-en-el-xxiv-congreso-espanol-de-toxicologia-y-viii-iberoamericano\/\" \/>\n<meta property=\"og:locale\" content=\"es_ES\" \/>\n<meta property=\"og:type\" content=\"article\" \/>\n<meta property=\"og:title\" content=\"Participamos en el XXIV Congreso Espa\u00f1ol de Toxicolog\u00eda y VIII Iberoamericano\" \/>\n<meta property=\"og:description\" content=\"La Fundaci\u00f3n Vallbo participar\u00e1 los d\u00edas 9, 10 y 11 de noviembre de 2022 en el XXIV Congreso Espa\u00f1ol de Toxicolog\u00eda y VIII Iberoamericano que se organizar\u00e1 en el rectorado de la Universidad de C\u00f3rdoba. Miembros de la fundaci\u00f3n estar\u00e1n presentes en el stand para atender las consultas de los interesados.\" \/>\n<meta property=\"og:url\" content=\"https:\/\/www.fundaciovallbo.cat\/es\/participamos-en-el-xxiv-congreso-espanol-de-toxicologia-y-viii-iberoamericano\/\" \/>\n<meta property=\"og:site_name\" content=\"Fundaci\u00f3 Vallbo\" \/>\n<meta property=\"article:published_time\" content=\"2022-10-11T08:45:35+00:00\" \/>\n<meta property=\"og:image\" content=\"https:\/\/www.fundaciovallbo.cat\/wp-content\/uploads\/2022\/10\/Fundacion-vallbo-participa-congreso-toxicologia-scaled.jpg\" \/>\n\t<meta property=\"og:image:width\" content=\"2560\" \/>\n\t<meta property=\"og:image:height\" content=\"1810\" \/>\n\t<meta property=\"og:image:type\" content=\"image\/jpeg\" \/>\n<meta name=\"author\" content=\"Maria Sabat\u00e9\" \/>\n<meta name=\"twitter:card\" content=\"summary_large_image\" \/>\n<meta name=\"twitter:label1\" content=\"Escrito por\" \/>\n\t<meta name=\"twitter:data1\" content=\"Maria Sabat\u00e9\" \/>\n\t<meta name=\"twitter:label2\" content=\"Tiempo de lectura\" \/>\n\t<meta name=\"twitter:data2\" content=\"1 minuto\" \/>\n<script type=\"application\/ld+json\" class=\"yoast-schema-graph\">{\"@context\":\"https:\/\/schema.org\",\"@graph\":[{\"@type\":\"WebPage\",\"@id\":\"https:\/\/www.fundaciovallbo.cat\/es\/participamos-en-el-xxiv-congreso-espanol-de-toxicologia-y-viii-iberoamericano\/\",\"url\":\"https:\/\/www.fundaciovallbo.cat\/es\/participamos-en-el-xxiv-congreso-espanol-de-toxicologia-y-viii-iberoamericano\/\",\"name\":\"Participamos en el XXIV Congreso Espa\u00f1ol de Toxicolog\u00eda y VIII Iberoamericano\",\"isPartOf\":{\"@id\":\"https:\/\/www.fundaciovallbo.cat\/#website\"},\"primaryImageOfPage\":{\"@id\":\"https:\/\/www.fundaciovallbo.cat\/es\/participamos-en-el-xxiv-congreso-espanol-de-toxicologia-y-viii-iberoamericano\/#primaryimage\"},\"image\":{\"@id\":\"https:\/\/www.fundaciovallbo.cat\/es\/participamos-en-el-xxiv-congreso-espanol-de-toxicologia-y-viii-iberoamericano\/#primaryimage\"},\"thumbnailUrl\":\"https:\/\/www.fundaciovallbo.cat\/wp-content\/uploads\/2022\/10\/Fundacion-vallbo-participa-congreso-toxicologia-scaled.jpg\",\"datePublished\":\"2022-10-11T08:45:35+00:00\",\"author\":{\"@id\":\"https:\/\/www.fundaciovallbo.cat\/#\/schema\/person\/b3fc0af6da5e57a74512ac5196e80641\"},\"description\":\"La Fundaci\u00f3n Vallbo participar\u00e1 los d\u00edas 9, 10 y 11 de noviembre de 2022 en el XXIV Congreso Espa\u00f1ol de Toxicolog\u00eda y VIII Iberoamericano que se organizar\u00e1 en el rectorado de la Universidad de C\u00f3rdoba. Miembros de la fundaci\u00f3n estar\u00e1n presentes en el stand para atender las consultas de los interesados.\",\"breadcrumb\":{\"@id\":\"https:\/\/www.fundaciovallbo.cat\/es\/participamos-en-el-xxiv-congreso-espanol-de-toxicologia-y-viii-iberoamericano\/#breadcrumb\"},\"inLanguage\":\"es\",\"potentialAction\":[{\"@type\":\"ReadAction\",\"target\":[\"https:\/\/www.fundaciovallbo.cat\/es\/participamos-en-el-xxiv-congreso-espanol-de-toxicologia-y-viii-iberoamericano\/\"]}]},{\"@type\":\"ImageObject\",\"inLanguage\":\"es\",\"@id\":\"https:\/\/www.fundaciovallbo.cat\/es\/participamos-en-el-xxiv-congreso-espanol-de-toxicologia-y-viii-iberoamericano\/#primaryimage\",\"url\":\"https:\/\/www.fundaciovallbo.cat\/wp-content\/uploads\/2022\/10\/Fundacion-vallbo-participa-congreso-toxicologia-scaled.jpg\",\"contentUrl\":\"https:\/\/www.fundaciovallbo.cat\/wp-content\/uploads\/2022\/10\/Fundacion-vallbo-participa-congreso-toxicologia-scaled.jpg\",\"width\":2560,\"height\":1810,\"caption\":\"Fundacion vallbo participa congreso toxicologia\"},{\"@type\":\"BreadcrumbList\",\"@id\":\"https:\/\/www.fundaciovallbo.cat\/es\/participamos-en-el-xxiv-congreso-espanol-de-toxicologia-y-viii-iberoamericano\/#breadcrumb\",\"itemListElement\":[{\"@type\":\"ListItem\",\"position\":1,\"name\":\"Home\",\"item\":\"https:\/\/www.fundaciovallbo.cat\/es\/\"},{\"@type\":\"ListItem\",\"position\":2,\"name\":\"Participamos en el XXIV Congreso Espa\u00f1ol de Toxicolog\u00eda y VIII Iberoamericano\"}]},{\"@type\":\"WebSite\",\"@id\":\"https:\/\/www.fundaciovallbo.cat\/#website\",\"url\":\"https:\/\/www.fundaciovallbo.cat\/\",\"name\":\"Fundaci\u00f3 Vallbo\",\"description\":\"\",\"potentialAction\":[{\"@type\":\"SearchAction\",\"target\":{\"@type\":\"EntryPoint\",\"urlTemplate\":\"https:\/\/www.fundaciovallbo.cat\/?s={search_term_string}\"},\"query-input\":{\"@type\":\"PropertyValueSpecification\",\"valueRequired\":true,\"valueName\":\"search_term_string\"}}],\"inLanguage\":\"es\"},{\"@type\":\"Person\",\"@id\":\"https:\/\/www.fundaciovallbo.cat\/#\/schema\/person\/b3fc0af6da5e57a74512ac5196e80641\",\"name\":\"Maria Sabat\u00e9\",\"image\":{\"@type\":\"ImageObject\",\"inLanguage\":\"es\",\"@id\":\"https:\/\/www.fundaciovallbo.cat\/#\/schema\/person\/image\/\",\"url\":\"https:\/\/secure.gravatar.com\/avatar\/c541902af0887aef7e34984eb06103e1?s=96&d=mm&r=g\",\"contentUrl\":\"https:\/\/secure.gravatar.com\/avatar\/c541902af0887aef7e34984eb06103e1?s=96&d=mm&r=g\",\"caption\":\"Maria Sabat\u00e9\"},\"url\":\"https:\/\/www.fundaciovallbo.cat\/es\/author\/mariasabate\/\"}]}<\/script>\n<!-- \/ Yoast SEO plugin. -->","yoast_head_json":{"title":"Participamos en el XXIV Congreso Espa\u00f1ol de Toxicolog\u00eda y VIII Iberoamericano","description":"La Fundaci\u00f3n Vallbo participar\u00e1 los d\u00edas 9, 10 y 11 de noviembre de 2022 en el XXIV Congreso Espa\u00f1ol de Toxicolog\u00eda y VIII Iberoamericano que se organizar\u00e1 en el rectorado de la Universidad de C\u00f3rdoba. Miembros de la fundaci\u00f3n estar\u00e1n presentes en el stand para atender las consultas de los interesados.","robots":{"index":"index","follow":"follow","max-snippet":"max-snippet:-1","max-image-preview":"max-image-preview:large","max-video-preview":"max-video-preview:-1"},"canonical":"https:\/\/www.fundaciovallbo.cat\/es\/participamos-en-el-xxiv-congreso-espanol-de-toxicologia-y-viii-iberoamericano\/","og_locale":"es_ES","og_type":"article","og_title":"Participamos en el XXIV Congreso Espa\u00f1ol de Toxicolog\u00eda y VIII Iberoamericano","og_description":"La Fundaci\u00f3n Vallbo participar\u00e1 los d\u00edas 9, 10 y 11 de noviembre de 2022 en el XXIV Congreso Espa\u00f1ol de Toxicolog\u00eda y VIII Iberoamericano que se organizar\u00e1 en el rectorado de la Universidad de C\u00f3rdoba. Miembros de la fundaci\u00f3n estar\u00e1n presentes en el stand para atender las consultas de los interesados.","og_url":"https:\/\/www.fundaciovallbo.cat\/es\/participamos-en-el-xxiv-congreso-espanol-de-toxicologia-y-viii-iberoamericano\/","og_site_name":"Fundaci\u00f3 Vallbo","article_published_time":"2022-10-11T08:45:35+00:00","og_image":[{"width":2560,"height":1810,"url":"https:\/\/www.fundaciovallbo.cat\/wp-content\/uploads\/2022\/10\/Fundacion-vallbo-participa-congreso-toxicologia-scaled.jpg","type":"image\/jpeg"}],"author":"Maria Sabat\u00e9","twitter_card":"summary_large_image","twitter_misc":{"Escrito por":"Maria Sabat\u00e9","Tiempo de lectura":"1 minuto"},"schema":{"@context":"https:\/\/schema.org","@graph":[{"@type":"WebPage","@id":"https:\/\/www.fundaciovallbo.cat\/es\/participamos-en-el-xxiv-congreso-espanol-de-toxicologia-y-viii-iberoamericano\/","url":"https:\/\/www.fundaciovallbo.cat\/es\/participamos-en-el-xxiv-congreso-espanol-de-toxicologia-y-viii-iberoamericano\/","name":"Participamos en el XXIV Congreso Espa\u00f1ol de Toxicolog\u00eda y VIII Iberoamericano","isPartOf":{"@id":"https:\/\/www.fundaciovallbo.cat\/#website"},"primaryImageOfPage":{"@id":"https:\/\/www.fundaciovallbo.cat\/es\/participamos-en-el-xxiv-congreso-espanol-de-toxicologia-y-viii-iberoamericano\/#primaryimage"},"image":{"@id":"https:\/\/www.fundaciovallbo.cat\/es\/participamos-en-el-xxiv-congreso-espanol-de-toxicologia-y-viii-iberoamericano\/#primaryimage"},"thumbnailUrl":"https:\/\/www.fundaciovallbo.cat\/wp-content\/uploads\/2022\/10\/Fundacion-vallbo-participa-congreso-toxicologia-scaled.jpg","datePublished":"2022-10-11T08:45:35+00:00","author":{"@id":"https:\/\/www.fundaciovallbo.cat\/#\/schema\/person\/b3fc0af6da5e57a74512ac5196e80641"},"description":"La Fundaci\u00f3n Vallbo participar\u00e1 los d\u00edas 9, 10 y 11 de noviembre de 2022 en el XXIV Congreso Espa\u00f1ol de Toxicolog\u00eda y VIII Iberoamericano que se organizar\u00e1 en el rectorado de la Universidad de C\u00f3rdoba. Miembros de la fundaci\u00f3n estar\u00e1n presentes en el stand para atender las consultas de los interesados.","breadcrumb":{"@id":"https:\/\/www.fundaciovallbo.cat\/es\/participamos-en-el-xxiv-congreso-espanol-de-toxicologia-y-viii-iberoamericano\/#breadcrumb"},"inLanguage":"es","potentialAction":[{"@type":"ReadAction","target":["https:\/\/www.fundaciovallbo.cat\/es\/participamos-en-el-xxiv-congreso-espanol-de-toxicologia-y-viii-iberoamericano\/"]}]},{"@type":"ImageObject","inLanguage":"es","@id":"https:\/\/www.fundaciovallbo.cat\/es\/participamos-en-el-xxiv-congreso-espanol-de-toxicologia-y-viii-iberoamericano\/#primaryimage","url":"https:\/\/www.fundaciovallbo.cat\/wp-content\/uploads\/2022\/10\/Fundacion-vallbo-participa-congreso-toxicologia-scaled.jpg","contentUrl":"https:\/\/www.fundaciovallbo.cat\/wp-content\/uploads\/2022\/10\/Fundacion-vallbo-participa-congreso-toxicologia-scaled.jpg","width":2560,"height":1810,"caption":"Fundacion vallbo participa congreso toxicologia"},{"@type":"BreadcrumbList","@id":"https:\/\/www.fundaciovallbo.cat\/es\/participamos-en-el-xxiv-congreso-espanol-de-toxicologia-y-viii-iberoamericano\/#breadcrumb","itemListElement":[{"@type":"ListItem","position":1,"name":"Home","item":"https:\/\/www.fundaciovallbo.cat\/es\/"},{"@type":"ListItem","position":2,"name":"Participamos en el XXIV Congreso Espa\u00f1ol de Toxicolog\u00eda y VIII Iberoamericano"}]},{"@type":"WebSite","@id":"https:\/\/www.fundaciovallbo.cat\/#website","url":"https:\/\/www.fundaciovallbo.cat\/","name":"Fundaci\u00f3 Vallbo","description":"","potentialAction":[{"@type":"SearchAction","target":{"@type":"EntryPoint","urlTemplate":"https:\/\/www.fundaciovallbo.cat\/?s={search_term_string}"},"query-input":{"@type":"PropertyValueSpecification","valueRequired":true,"valueName":"search_term_string"}}],"inLanguage":"es"},{"@type":"Person","@id":"https:\/\/www.fundaciovallbo.cat\/#\/schema\/person\/b3fc0af6da5e57a74512ac5196e80641","name":"Maria Sabat\u00e9","image":{"@type":"ImageObject","inLanguage":"es","@id":"https:\/\/www.fundaciovallbo.cat\/#\/schema\/person\/image\/","url":"https:\/\/secure.gravatar.com\/avatar\/c541902af0887aef7e34984eb06103e1?s=96&d=mm&r=g","contentUrl":"https:\/\/secure.gravatar.com\/avatar\/c541902af0887aef7e34984eb06103e1?s=96&d=mm&r=g","caption":"Maria Sabat\u00e9"},"url":"https:\/\/www.fundaciovallbo.cat\/es\/author\/mariasabate\/"}]}},"_links":{"self":[{"href":"https:\/\/www.fundaciovallbo.cat\/es\/wp-json\/wp\/v2\/posts\/2750","targetHints":{"allow":["GET"]}}],"collection":[{"href":"https:\/\/www.fundaciovallbo.cat\/es\/wp-json\/wp\/v2\/posts"}],"about":[{"href":"https:\/\/www.fundaciovallbo.cat\/es\/wp-json\/wp\/v2\/types\/post"}],"author":[{"embeddable":true,"href":"https:\/\/www.fundaciovallbo.cat\/es\/wp-json\/wp\/v2\/users\/3"}],"replies":[{"embeddable":true,"href":"https:\/\/www.fundaciovallbo.cat\/es\/wp-json\/wp\/v2\/comments?post=2750"}],"version-history":[{"count":1,"href":"https:\/\/www.fundaciovallbo.cat\/es\/wp-json\/wp\/v2\/posts\/2750\/revisions"}],"predecessor-version":[{"id":2753,"href":"https:\/\/www.fundaciovallbo.cat\/es\/wp-json\/wp\/v2\/posts\/2750\/revisions\/2753"}],"wp:featuredmedia":[{"embeddable":true,"href":"https:\/\/www.fundaciovallbo.cat\/es\/wp-json\/wp\/v2\/media\/2751"}],"wp:attachment":[{"href":"https:\/\/www.fundaciovallbo.cat\/es\/wp-json\/wp\/v2\/media?parent=2750"}],"wp:term":[{"taxonomy":"category","embeddable":true,"href":"https:\/\/www.fundaciovallbo.cat\/es\/wp-json\/wp\/v2\/categories?post=2750"},{"taxonomy":"post_tag","embeddable":true,"href":"https:\/\/www.fundaciovallbo.cat\/es\/wp-json\/wp\/v2\/tags?post=2750"}],"curies":[{"name":"wp","href":"https:\/\/api.w.org\/{rel}","templated":true}]}}