{"id":2704,"date":"2022-01-28T11:39:33","date_gmt":"2022-01-28T09:39:33","guid":{"rendered":"https:\/\/www.fundaciovallbo.cat\/?p=2704"},"modified":"2022-01-28T11:39:33","modified_gmt":"2022-01-28T09:39:33","slug":"proyecto-la-roqueta","status":"publish","type":"post","link":"https:\/\/www.fundaciovallbo.cat\/es\/proyecto-la-roqueta\/","title":{"rendered":"Proyecto La Roqueta"},"content":{"rendered":"<p>El d\u00eda 28 de enero tuvo lugar en el pasaje hist\u00f3rico de La Roqueta una reuni\u00f3n, para tratar sobre los planes de rehabilitaci\u00f3n de este lugar del siglo X, entre las partes interesadas en el proyecto.<\/p>\n","protected":false},"excerpt":{"rendered":"<p>El d\u00eda 28 de enero tuvo lugar en el pasaje hist\u00f3rico de La Roqueta una reuni\u00f3n, para tratar sobre los planes de rehabilitaci\u00f3n de este lugar<span class=\"excerpt-hellip\"> [\u2026]<\/span><\/p>\n","protected":false},"author":3,"featured_media":2705,"comment_status":"closed","ping_status":"open","sticky":false,"template":"","format":"standard","meta":{"footnotes":""},"categories":[18],"tags":[],"class_list":["post-2704","post","type-post","status-publish","format-standard","has-post-thumbnail","hentry","category-noticias"],"yoast_head":"<!-- This site is optimized with the Yoast SEO plugin v24.6 - https:\/\/yoast.com\/wordpress\/plugins\/seo\/ -->\n<title>Proyecto rehabilitaci\u00f3n La Roqueta<\/title>\n<meta name=\"description\" content=\"El d\u00eda 28 de enero tuvo lugar en el pasaje hist\u00f3rico de La Roqueta una reuni\u00f3n, para tratar sobre los planes de rehabilitaci\u00f3n de este lugar del siglo X.\" \/>\n<meta name=\"robots\" content=\"index, follow, max-snippet:-1, max-image-preview:large, max-video-preview:-1\" \/>\n<link rel=\"canonical\" href=\"https:\/\/www.fundaciovallbo.cat\/es\/proyecto-la-roqueta\/\" \/>\n<meta property=\"og:locale\" content=\"es_ES\" \/>\n<meta property=\"og:type\" content=\"article\" \/>\n<meta property=\"og:title\" content=\"Proyecto rehabilitaci\u00f3n La Roqueta\" \/>\n<meta property=\"og:description\" content=\"El d\u00eda 28 de enero tuvo lugar en el pasaje hist\u00f3rico de La Roqueta una reuni\u00f3n, para tratar sobre los planes de rehabilitaci\u00f3n de este lugar del siglo X.\" \/>\n<meta property=\"og:url\" content=\"https:\/\/www.fundaciovallbo.cat\/es\/proyecto-la-roqueta\/\" \/>\n<meta property=\"og:site_name\" content=\"Fundaci\u00f3 Vallbo\" \/>\n<meta property=\"article:published_time\" content=\"2022-01-28T09:39:33+00:00\" \/>\n<meta property=\"og:image\" content=\"https:\/\/www.fundaciovallbo.cat\/wp-content\/uploads\/2022\/01\/Reunion-La-Roqueta-scaled-e1643362672180.jpg\" \/>\n\t<meta property=\"og:image:width\" content=\"1800\" \/>\n\t<meta property=\"og:image:height\" content=\"1350\" \/>\n\t<meta property=\"og:image:type\" content=\"image\/jpeg\" \/>\n<meta name=\"author\" content=\"Maria Sabat\u00e9\" \/>\n<meta name=\"twitter:card\" content=\"summary_large_image\" \/>\n<meta name=\"twitter:label1\" content=\"Escrito por\" \/>\n\t<meta name=\"twitter:data1\" content=\"Maria Sabat\u00e9\" \/>\n\t<meta name=\"twitter:label2\" content=\"Tiempo de lectura\" \/>\n\t<meta name=\"twitter:data2\" content=\"1 minuto\" \/>\n<script type=\"application\/ld+json\" class=\"yoast-schema-graph\">{\"@context\":\"https:\/\/schema.org\",\"@graph\":[{\"@type\":\"WebPage\",\"@id\":\"https:\/\/www.fundaciovallbo.cat\/es\/proyecto-la-roqueta\/\",\"url\":\"https:\/\/www.fundaciovallbo.cat\/es\/proyecto-la-roqueta\/\",\"name\":\"Proyecto rehabilitaci\u00f3n La Roqueta\",\"isPartOf\":{\"@id\":\"https:\/\/www.fundaciovallbo.cat\/#website\"},\"primaryImageOfPage\":{\"@id\":\"https:\/\/www.fundaciovallbo.cat\/es\/proyecto-la-roqueta\/#primaryimage\"},\"image\":{\"@id\":\"https:\/\/www.fundaciovallbo.cat\/es\/proyecto-la-roqueta\/#primaryimage\"},\"thumbnailUrl\":\"https:\/\/www.fundaciovallbo.cat\/wp-content\/uploads\/2022\/01\/Reunion-La-Roqueta-scaled-e1643362672180.jpg\",\"datePublished\":\"2022-01-28T09:39:33+00:00\",\"author\":{\"@id\":\"https:\/\/www.fundaciovallbo.cat\/#\/schema\/person\/b3fc0af6da5e57a74512ac5196e80641\"},\"description\":\"El d\u00eda 28 de enero tuvo lugar en el pasaje hist\u00f3rico de La Roqueta una reuni\u00f3n, para tratar sobre los planes de rehabilitaci\u00f3n de este lugar del siglo X.\",\"breadcrumb\":{\"@id\":\"https:\/\/www.fundaciovallbo.cat\/es\/proyecto-la-roqueta\/#breadcrumb\"},\"inLanguage\":\"es\",\"potentialAction\":[{\"@type\":\"ReadAction\",\"target\":[\"https:\/\/www.fundaciovallbo.cat\/es\/proyecto-la-roqueta\/\"]}]},{\"@type\":\"ImageObject\",\"inLanguage\":\"es\",\"@id\":\"https:\/\/www.fundaciovallbo.cat\/es\/proyecto-la-roqueta\/#primaryimage\",\"url\":\"https:\/\/www.fundaciovallbo.cat\/wp-content\/uploads\/2022\/01\/Reunion-La-Roqueta-scaled-e1643362672180.jpg\",\"contentUrl\":\"https:\/\/www.fundaciovallbo.cat\/wp-content\/uploads\/2022\/01\/Reunion-La-Roqueta-scaled-e1643362672180.jpg\",\"width\":1800,\"height\":1350,\"caption\":\"Proyecto La Roqueta\"},{\"@type\":\"BreadcrumbList\",\"@id\":\"https:\/\/www.fundaciovallbo.cat\/es\/proyecto-la-roqueta\/#breadcrumb\",\"itemListElement\":[{\"@type\":\"ListItem\",\"position\":1,\"name\":\"Home\",\"item\":\"https:\/\/www.fundaciovallbo.cat\/es\/\"},{\"@type\":\"ListItem\",\"position\":2,\"name\":\"Proyecto La Roqueta\"}]},{\"@type\":\"WebSite\",\"@id\":\"https:\/\/www.fundaciovallbo.cat\/#website\",\"url\":\"https:\/\/www.fundaciovallbo.cat\/\",\"name\":\"Fundaci\u00f3 Vallbo\",\"description\":\"\",\"potentialAction\":[{\"@type\":\"SearchAction\",\"target\":{\"@type\":\"EntryPoint\",\"urlTemplate\":\"https:\/\/www.fundaciovallbo.cat\/?s={search_term_string}\"},\"query-input\":{\"@type\":\"PropertyValueSpecification\",\"valueRequired\":true,\"valueName\":\"search_term_string\"}}],\"inLanguage\":\"es\"},{\"@type\":\"Person\",\"@id\":\"https:\/\/www.fundaciovallbo.cat\/#\/schema\/person\/b3fc0af6da5e57a74512ac5196e80641\",\"name\":\"Maria Sabat\u00e9\",\"image\":{\"@type\":\"ImageObject\",\"inLanguage\":\"es\",\"@id\":\"https:\/\/www.fundaciovallbo.cat\/#\/schema\/person\/image\/\",\"url\":\"https:\/\/secure.gravatar.com\/avatar\/c541902af0887aef7e34984eb06103e1?s=96&d=mm&r=g\",\"contentUrl\":\"https:\/\/secure.gravatar.com\/avatar\/c541902af0887aef7e34984eb06103e1?s=96&d=mm&r=g\",\"caption\":\"Maria Sabat\u00e9\"},\"url\":\"https:\/\/www.fundaciovallbo.cat\/es\/author\/mariasabate\/\"}]}<\/script>\n<!-- \/ Yoast SEO plugin. -->","yoast_head_json":{"title":"Proyecto rehabilitaci\u00f3n La Roqueta","description":"El d\u00eda 28 de enero tuvo lugar en el pasaje hist\u00f3rico de La Roqueta una reuni\u00f3n, para tratar sobre los planes de rehabilitaci\u00f3n de este lugar del siglo X.","robots":{"index":"index","follow":"follow","max-snippet":"max-snippet:-1","max-image-preview":"max-image-preview:large","max-video-preview":"max-video-preview:-1"},"canonical":"https:\/\/www.fundaciovallbo.cat\/es\/proyecto-la-roqueta\/","og_locale":"es_ES","og_type":"article","og_title":"Proyecto rehabilitaci\u00f3n La Roqueta","og_description":"El d\u00eda 28 de enero tuvo lugar en el pasaje hist\u00f3rico de La Roqueta una reuni\u00f3n, para tratar sobre los planes de rehabilitaci\u00f3n de este lugar del siglo X.","og_url":"https:\/\/www.fundaciovallbo.cat\/es\/proyecto-la-roqueta\/","og_site_name":"Fundaci\u00f3 Vallbo","article_published_time":"2022-01-28T09:39:33+00:00","og_image":[{"width":1800,"height":1350,"url":"https:\/\/www.fundaciovallbo.cat\/wp-content\/uploads\/2022\/01\/Reunion-La-Roqueta-scaled-e1643362672180.jpg","type":"image\/jpeg"}],"author":"Maria Sabat\u00e9","twitter_card":"summary_large_image","twitter_misc":{"Escrito por":"Maria Sabat\u00e9","Tiempo de lectura":"1 minuto"},"schema":{"@context":"https:\/\/schema.org","@graph":[{"@type":"WebPage","@id":"https:\/\/www.fundaciovallbo.cat\/es\/proyecto-la-roqueta\/","url":"https:\/\/www.fundaciovallbo.cat\/es\/proyecto-la-roqueta\/","name":"Proyecto rehabilitaci\u00f3n La Roqueta","isPartOf":{"@id":"https:\/\/www.fundaciovallbo.cat\/#website"},"primaryImageOfPage":{"@id":"https:\/\/www.fundaciovallbo.cat\/es\/proyecto-la-roqueta\/#primaryimage"},"image":{"@id":"https:\/\/www.fundaciovallbo.cat\/es\/proyecto-la-roqueta\/#primaryimage"},"thumbnailUrl":"https:\/\/www.fundaciovallbo.cat\/wp-content\/uploads\/2022\/01\/Reunion-La-Roqueta-scaled-e1643362672180.jpg","datePublished":"2022-01-28T09:39:33+00:00","author":{"@id":"https:\/\/www.fundaciovallbo.cat\/#\/schema\/person\/b3fc0af6da5e57a74512ac5196e80641"},"description":"El d\u00eda 28 de enero tuvo lugar en el pasaje hist\u00f3rico de La Roqueta una reuni\u00f3n, para tratar sobre los planes de rehabilitaci\u00f3n de este lugar del siglo X.","breadcrumb":{"@id":"https:\/\/www.fundaciovallbo.cat\/es\/proyecto-la-roqueta\/#breadcrumb"},"inLanguage":"es","potentialAction":[{"@type":"ReadAction","target":["https:\/\/www.fundaciovallbo.cat\/es\/proyecto-la-roqueta\/"]}]},{"@type":"ImageObject","inLanguage":"es","@id":"https:\/\/www.fundaciovallbo.cat\/es\/proyecto-la-roqueta\/#primaryimage","url":"https:\/\/www.fundaciovallbo.cat\/wp-content\/uploads\/2022\/01\/Reunion-La-Roqueta-scaled-e1643362672180.jpg","contentUrl":"https:\/\/www.fundaciovallbo.cat\/wp-content\/uploads\/2022\/01\/Reunion-La-Roqueta-scaled-e1643362672180.jpg","width":1800,"height":1350,"caption":"Proyecto La Roqueta"},{"@type":"BreadcrumbList","@id":"https:\/\/www.fundaciovallbo.cat\/es\/proyecto-la-roqueta\/#breadcrumb","itemListElement":[{"@type":"ListItem","position":1,"name":"Home","item":"https:\/\/www.fundaciovallbo.cat\/es\/"},{"@type":"ListItem","position":2,"name":"Proyecto La Roqueta"}]},{"@type":"WebSite","@id":"https:\/\/www.fundaciovallbo.cat\/#website","url":"https:\/\/www.fundaciovallbo.cat\/","name":"Fundaci\u00f3 Vallbo","description":"","potentialAction":[{"@type":"SearchAction","target":{"@type":"EntryPoint","urlTemplate":"https:\/\/www.fundaciovallbo.cat\/?s={search_term_string}"},"query-input":{"@type":"PropertyValueSpecification","valueRequired":true,"valueName":"search_term_string"}}],"inLanguage":"es"},{"@type":"Person","@id":"https:\/\/www.fundaciovallbo.cat\/#\/schema\/person\/b3fc0af6da5e57a74512ac5196e80641","name":"Maria Sabat\u00e9","image":{"@type":"ImageObject","inLanguage":"es","@id":"https:\/\/www.fundaciovallbo.cat\/#\/schema\/person\/image\/","url":"https:\/\/secure.gravatar.com\/avatar\/c541902af0887aef7e34984eb06103e1?s=96&d=mm&r=g","contentUrl":"https:\/\/secure.gravatar.com\/avatar\/c541902af0887aef7e34984eb06103e1?s=96&d=mm&r=g","caption":"Maria Sabat\u00e9"},"url":"https:\/\/www.fundaciovallbo.cat\/es\/author\/mariasabate\/"}]}},"_links":{"self":[{"href":"https:\/\/www.fundaciovallbo.cat\/es\/wp-json\/wp\/v2\/posts\/2704","targetHints":{"allow":["GET"]}}],"collection":[{"href":"https:\/\/www.fundaciovallbo.cat\/es\/wp-json\/wp\/v2\/posts"}],"about":[{"href":"https:\/\/www.fundaciovallbo.cat\/es\/wp-json\/wp\/v2\/types\/post"}],"author":[{"embeddable":true,"href":"https:\/\/www.fundaciovallbo.cat\/es\/wp-json\/wp\/v2\/users\/3"}],"replies":[{"embeddable":true,"href":"https:\/\/www.fundaciovallbo.cat\/es\/wp-json\/wp\/v2\/comments?post=2704"}],"version-history":[{"count":1,"href":"https:\/\/www.fundaciovallbo.cat\/es\/wp-json\/wp\/v2\/posts\/2704\/revisions"}],"predecessor-version":[{"id":2707,"href":"https:\/\/www.fundaciovallbo.cat\/es\/wp-json\/wp\/v2\/posts\/2704\/revisions\/2707"}],"wp:featuredmedia":[{"embeddable":true,"href":"https:\/\/www.fundaciovallbo.cat\/es\/wp-json\/wp\/v2\/media\/2705"}],"wp:attachment":[{"href":"https:\/\/www.fundaciovallbo.cat\/es\/wp-json\/wp\/v2\/media?parent=2704"}],"wp:term":[{"taxonomy":"category","embeddable":true,"href":"https:\/\/www.fundaciovallbo.cat\/es\/wp-json\/wp\/v2\/categories?post=2704"},{"taxonomy":"post_tag","embeddable":true,"href":"https:\/\/www.fundaciovallbo.cat\/es\/wp-json\/wp\/v2\/tags?post=2704"}],"curies":[{"name":"wp","href":"https:\/\/api.w.org\/{rel}","templated":true}]}}