{"id":2472,"date":"2018-12-20T12:36:22","date_gmt":"2018-12-20T10:36:22","guid":{"rendered":"https:\/\/www.fundaciovallbo.cat\/dr-jaime-borrell-will-chair-vallbo-foundation\/"},"modified":"2019-04-02T15:13:28","modified_gmt":"2019-04-02T13:13:28","slug":"el-dr-jaime-borrell-presidira-la-fundacion-vallbo","status":"publish","type":"post","link":"https:\/\/www.fundaciovallbo.cat\/es\/el-dr-jaime-borrell-presidira-la-fundacion-vallbo\/","title":{"rendered":"El Dr. Jaime Borrell presidir\u00e1 la Fundaci\u00f3n Vallbo"},"content":{"rendered":"<p>El Dr. Jaime Borrell ser\u00e1 el presidente y fundador de la Fundaci\u00f3n Vallbo que entrar\u00e1 en funcionamiento el pr\u00f3ximo enero de 2019 con el objetivo fundamental de fomentar la investigaci\u00f3n veterinaria.<\/p>\n<p>La Fundaci\u00f3n Vallbo es una entidad privada sin \u00e1nimo de lucro que se encargar\u00e1 de conceder becas para investigaciones de estudios superiores del sector; otorgar\u00e1 ayudas a proyectos relevantes relacionados con la investigaci\u00f3n de la veterinaria y producci\u00f3n animal; y conceder\u00e1 becas para la elaboraci\u00f3n de estudios relacionados con la evoluci\u00f3n de la vida.<\/p>\n<p>El Dr. Borrell es doctor en veterinaria por la Universidad de Zaragoza y es miembro de la Real Academia de Ciencias Veterinarias de Espa\u00f1a, de la Academia de Ciencias Veterinarias de Catalu\u00f1a y de la Academia Peruana de Ciencias Veterinarias. Adem\u00e1s, en 1984 fund\u00f3, junto a otros socios, la empresa fabricante de aditivos naturales Biovet S.A.<\/p>\n<p>El Dr. Borrell ha dedicado su carrera profesional a la investigaci\u00f3n y desarrollo de productos relacionados con el sector veterinario, especialmente en producci\u00f3n animal, buscando nuevas aplicaciones que permitan mantener y mejorar los par\u00e1metros productivos asegurando el bienestar animal y la seguridad alimentaria.<\/p>\n<p>Adem\u00e1s de seguir con su labor directiva en Biovet S.A., el Dr. Borrell ahora tambi\u00e9n presidir\u00e1 esta nueva Fundaci\u00f3n creada para seguir fomentando proyectos destinados a promover la investigaci\u00f3n y desarrollo. La entidad entrar\u00e1 en funcionamiento en enero de 2019 y, con car\u00e1cter trimestral, se anunciar\u00e1n las convocatorias de ayudas por \u00e1rea.<\/p>\n","protected":false},"excerpt":{"rendered":"<p>El Dr. Jaime Borrell ser\u00e1 el presidente y fundador de la Fundaci\u00f3n Vallbo que entrar\u00e1 en funcionamiento el pr\u00f3ximo enero de 2019 con el objetivo fundamental<span class=\"excerpt-hellip\"> [\u2026]<\/span><\/p>\n","protected":false},"author":1,"featured_media":2504,"comment_status":"open","ping_status":"open","sticky":false,"template":"","format":"standard","meta":{"footnotes":""},"categories":[14,18],"tags":[],"class_list":["post-2472","post","type-post","status-publish","format-standard","has-post-thumbnail","hentry","category-general","category-noticias"],"yoast_head":"<!-- This site is optimized with the Yoast SEO plugin v24.6 - https:\/\/yoast.com\/wordpress\/plugins\/seo\/ -->\n<title>El Dr. Jaime Borrell presidir\u00e1 la Fundaci\u00f3n Vallbo - Fundaci\u00f3 Vallbo<\/title>\n<meta name=\"robots\" content=\"index, follow, max-snippet:-1, max-image-preview:large, max-video-preview:-1\" \/>\n<link rel=\"canonical\" href=\"https:\/\/www.fundaciovallbo.cat\/es\/el-dr-jaime-borrell-presidira-la-fundacion-vallbo\/\" \/>\n<meta property=\"og:locale\" content=\"es_ES\" \/>\n<meta property=\"og:type\" content=\"article\" \/>\n<meta property=\"og:title\" content=\"El Dr. Jaime Borrell presidir\u00e1 la Fundaci\u00f3n Vallbo - Fundaci\u00f3 Vallbo\" \/>\n<meta property=\"og:description\" content=\"El Dr. Jaime Borrell ser\u00e1 el presidente y fundador de la Fundaci\u00f3n Vallbo que entrar\u00e1 en funcionamiento el pr\u00f3ximo enero de 2019 con el objetivo fundamental [\u2026]\" \/>\n<meta property=\"og:url\" content=\"https:\/\/www.fundaciovallbo.cat\/es\/el-dr-jaime-borrell-presidira-la-fundacion-vallbo\/\" \/>\n<meta property=\"og:site_name\" content=\"Fundaci\u00f3 Vallbo\" \/>\n<meta property=\"article:published_time\" content=\"2018-12-20T10:36:22+00:00\" \/>\n<meta property=\"article:modified_time\" content=\"2019-04-02T13:13:28+00:00\" \/>\n<meta property=\"og:image\" content=\"https:\/\/www.fundaciovallbo.cat\/wp-content\/uploads\/2019\/02\/fundacion-vallbo-noticia-2.jpg\" \/>\n\t<meta property=\"og:image:width\" content=\"830\" \/>\n\t<meta property=\"og:image:height\" content=\"602\" \/>\n\t<meta property=\"og:image:type\" content=\"image\/jpeg\" \/>\n<meta name=\"author\" content=\"kiwop\" \/>\n<meta name=\"twitter:card\" content=\"summary_large_image\" \/>\n<meta name=\"twitter:label1\" content=\"Escrito por\" \/>\n\t<meta name=\"twitter:data1\" content=\"kiwop\" \/>\n\t<meta name=\"twitter:label2\" content=\"Tiempo de lectura\" \/>\n\t<meta name=\"twitter:data2\" content=\"1 minuto\" \/>\n<script type=\"application\/ld+json\" class=\"yoast-schema-graph\">{\"@context\":\"https:\/\/schema.org\",\"@graph\":[{\"@type\":\"WebPage\",\"@id\":\"https:\/\/www.fundaciovallbo.cat\/es\/el-dr-jaime-borrell-presidira-la-fundacion-vallbo\/\",\"url\":\"https:\/\/www.fundaciovallbo.cat\/es\/el-dr-jaime-borrell-presidira-la-fundacion-vallbo\/\",\"name\":\"El Dr. Jaime Borrell presidir\u00e1 la Fundaci\u00f3n Vallbo - Fundaci\u00f3 Vallbo\",\"isPartOf\":{\"@id\":\"https:\/\/www.fundaciovallbo.cat\/#website\"},\"primaryImageOfPage\":{\"@id\":\"https:\/\/www.fundaciovallbo.cat\/es\/el-dr-jaime-borrell-presidira-la-fundacion-vallbo\/#primaryimage\"},\"image\":{\"@id\":\"https:\/\/www.fundaciovallbo.cat\/es\/el-dr-jaime-borrell-presidira-la-fundacion-vallbo\/#primaryimage\"},\"thumbnailUrl\":\"https:\/\/www.fundaciovallbo.cat\/wp-content\/uploads\/2019\/02\/fundacion-vallbo-noticia-2.jpg\",\"datePublished\":\"2018-12-20T10:36:22+00:00\",\"dateModified\":\"2019-04-02T13:13:28+00:00\",\"author\":{\"@id\":\"https:\/\/www.fundaciovallbo.cat\/#\/schema\/person\/691d9d5977851c3f37335be160be315d\"},\"breadcrumb\":{\"@id\":\"https:\/\/www.fundaciovallbo.cat\/es\/el-dr-jaime-borrell-presidira-la-fundacion-vallbo\/#breadcrumb\"},\"inLanguage\":\"es\",\"potentialAction\":[{\"@type\":\"ReadAction\",\"target\":[\"https:\/\/www.fundaciovallbo.cat\/es\/el-dr-jaime-borrell-presidira-la-fundacion-vallbo\/\"]}]},{\"@type\":\"ImageObject\",\"inLanguage\":\"es\",\"@id\":\"https:\/\/www.fundaciovallbo.cat\/es\/el-dr-jaime-borrell-presidira-la-fundacion-vallbo\/#primaryimage\",\"url\":\"https:\/\/www.fundaciovallbo.cat\/wp-content\/uploads\/2019\/02\/fundacion-vallbo-noticia-2.jpg\",\"contentUrl\":\"https:\/\/www.fundaciovallbo.cat\/wp-content\/uploads\/2019\/02\/fundacion-vallbo-noticia-2.jpg\",\"width\":830,\"height\":602},{\"@type\":\"BreadcrumbList\",\"@id\":\"https:\/\/www.fundaciovallbo.cat\/es\/el-dr-jaime-borrell-presidira-la-fundacion-vallbo\/#breadcrumb\",\"itemListElement\":[{\"@type\":\"ListItem\",\"position\":1,\"name\":\"Home\",\"item\":\"https:\/\/www.fundaciovallbo.cat\/es\/\"},{\"@type\":\"ListItem\",\"position\":2,\"name\":\"El Dr. Jaime Borrell presidir\u00e1 la Fundaci\u00f3n Vallbo\"}]},{\"@type\":\"WebSite\",\"@id\":\"https:\/\/www.fundaciovallbo.cat\/#website\",\"url\":\"https:\/\/www.fundaciovallbo.cat\/\",\"name\":\"Fundaci\u00f3 Vallbo\",\"description\":\"\",\"potentialAction\":[{\"@type\":\"SearchAction\",\"target\":{\"@type\":\"EntryPoint\",\"urlTemplate\":\"https:\/\/www.fundaciovallbo.cat\/?s={search_term_string}\"},\"query-input\":{\"@type\":\"PropertyValueSpecification\",\"valueRequired\":true,\"valueName\":\"search_term_string\"}}],\"inLanguage\":\"es\"},{\"@type\":\"Person\",\"@id\":\"https:\/\/www.fundaciovallbo.cat\/#\/schema\/person\/691d9d5977851c3f37335be160be315d\",\"name\":\"kiwop\",\"image\":{\"@type\":\"ImageObject\",\"inLanguage\":\"es\",\"@id\":\"https:\/\/www.fundaciovallbo.cat\/#\/schema\/person\/image\/\",\"url\":\"https:\/\/secure.gravatar.com\/avatar\/d55c4d7cd9dc102bb9083b5d172f6a63?s=96&d=mm&r=g\",\"contentUrl\":\"https:\/\/secure.gravatar.com\/avatar\/d55c4d7cd9dc102bb9083b5d172f6a63?s=96&d=mm&r=g\",\"caption\":\"kiwop\"},\"url\":\"https:\/\/www.fundaciovallbo.cat\/es\/author\/kiwop\/\"}]}<\/script>\n<!-- \/ Yoast SEO plugin. -->","yoast_head_json":{"title":"El Dr. Jaime Borrell presidir\u00e1 la Fundaci\u00f3n Vallbo - Fundaci\u00f3 Vallbo","robots":{"index":"index","follow":"follow","max-snippet":"max-snippet:-1","max-image-preview":"max-image-preview:large","max-video-preview":"max-video-preview:-1"},"canonical":"https:\/\/www.fundaciovallbo.cat\/es\/el-dr-jaime-borrell-presidira-la-fundacion-vallbo\/","og_locale":"es_ES","og_type":"article","og_title":"El Dr. Jaime Borrell presidir\u00e1 la Fundaci\u00f3n Vallbo - Fundaci\u00f3 Vallbo","og_description":"El Dr. Jaime Borrell ser\u00e1 el presidente y fundador de la Fundaci\u00f3n Vallbo que entrar\u00e1 en funcionamiento el pr\u00f3ximo enero de 2019 con el objetivo fundamental [\u2026]","og_url":"https:\/\/www.fundaciovallbo.cat\/es\/el-dr-jaime-borrell-presidira-la-fundacion-vallbo\/","og_site_name":"Fundaci\u00f3 Vallbo","article_published_time":"2018-12-20T10:36:22+00:00","article_modified_time":"2019-04-02T13:13:28+00:00","og_image":[{"width":830,"height":602,"url":"https:\/\/www.fundaciovallbo.cat\/wp-content\/uploads\/2019\/02\/fundacion-vallbo-noticia-2.jpg","type":"image\/jpeg"}],"author":"kiwop","twitter_card":"summary_large_image","twitter_misc":{"Escrito por":"kiwop","Tiempo de lectura":"1 minuto"},"schema":{"@context":"https:\/\/schema.org","@graph":[{"@type":"WebPage","@id":"https:\/\/www.fundaciovallbo.cat\/es\/el-dr-jaime-borrell-presidira-la-fundacion-vallbo\/","url":"https:\/\/www.fundaciovallbo.cat\/es\/el-dr-jaime-borrell-presidira-la-fundacion-vallbo\/","name":"El Dr. Jaime Borrell presidir\u00e1 la Fundaci\u00f3n Vallbo - Fundaci\u00f3 Vallbo","isPartOf":{"@id":"https:\/\/www.fundaciovallbo.cat\/#website"},"primaryImageOfPage":{"@id":"https:\/\/www.fundaciovallbo.cat\/es\/el-dr-jaime-borrell-presidira-la-fundacion-vallbo\/#primaryimage"},"image":{"@id":"https:\/\/www.fundaciovallbo.cat\/es\/el-dr-jaime-borrell-presidira-la-fundacion-vallbo\/#primaryimage"},"thumbnailUrl":"https:\/\/www.fundaciovallbo.cat\/wp-content\/uploads\/2019\/02\/fundacion-vallbo-noticia-2.jpg","datePublished":"2018-12-20T10:36:22+00:00","dateModified":"2019-04-02T13:13:28+00:00","author":{"@id":"https:\/\/www.fundaciovallbo.cat\/#\/schema\/person\/691d9d5977851c3f37335be160be315d"},"breadcrumb":{"@id":"https:\/\/www.fundaciovallbo.cat\/es\/el-dr-jaime-borrell-presidira-la-fundacion-vallbo\/#breadcrumb"},"inLanguage":"es","potentialAction":[{"@type":"ReadAction","target":["https:\/\/www.fundaciovallbo.cat\/es\/el-dr-jaime-borrell-presidira-la-fundacion-vallbo\/"]}]},{"@type":"ImageObject","inLanguage":"es","@id":"https:\/\/www.fundaciovallbo.cat\/es\/el-dr-jaime-borrell-presidira-la-fundacion-vallbo\/#primaryimage","url":"https:\/\/www.fundaciovallbo.cat\/wp-content\/uploads\/2019\/02\/fundacion-vallbo-noticia-2.jpg","contentUrl":"https:\/\/www.fundaciovallbo.cat\/wp-content\/uploads\/2019\/02\/fundacion-vallbo-noticia-2.jpg","width":830,"height":602},{"@type":"BreadcrumbList","@id":"https:\/\/www.fundaciovallbo.cat\/es\/el-dr-jaime-borrell-presidira-la-fundacion-vallbo\/#breadcrumb","itemListElement":[{"@type":"ListItem","position":1,"name":"Home","item":"https:\/\/www.fundaciovallbo.cat\/es\/"},{"@type":"ListItem","position":2,"name":"El Dr. Jaime Borrell presidir\u00e1 la Fundaci\u00f3n Vallbo"}]},{"@type":"WebSite","@id":"https:\/\/www.fundaciovallbo.cat\/#website","url":"https:\/\/www.fundaciovallbo.cat\/","name":"Fundaci\u00f3 Vallbo","description":"","potentialAction":[{"@type":"SearchAction","target":{"@type":"EntryPoint","urlTemplate":"https:\/\/www.fundaciovallbo.cat\/?s={search_term_string}"},"query-input":{"@type":"PropertyValueSpecification","valueRequired":true,"valueName":"search_term_string"}}],"inLanguage":"es"},{"@type":"Person","@id":"https:\/\/www.fundaciovallbo.cat\/#\/schema\/person\/691d9d5977851c3f37335be160be315d","name":"kiwop","image":{"@type":"ImageObject","inLanguage":"es","@id":"https:\/\/www.fundaciovallbo.cat\/#\/schema\/person\/image\/","url":"https:\/\/secure.gravatar.com\/avatar\/d55c4d7cd9dc102bb9083b5d172f6a63?s=96&d=mm&r=g","contentUrl":"https:\/\/secure.gravatar.com\/avatar\/d55c4d7cd9dc102bb9083b5d172f6a63?s=96&d=mm&r=g","caption":"kiwop"},"url":"https:\/\/www.fundaciovallbo.cat\/es\/author\/kiwop\/"}]}},"_links":{"self":[{"href":"https:\/\/www.fundaciovallbo.cat\/es\/wp-json\/wp\/v2\/posts\/2472","targetHints":{"allow":["GET"]}}],"collection":[{"href":"https:\/\/www.fundaciovallbo.cat\/es\/wp-json\/wp\/v2\/posts"}],"about":[{"href":"https:\/\/www.fundaciovallbo.cat\/es\/wp-json\/wp\/v2\/types\/post"}],"author":[{"embeddable":true,"href":"https:\/\/www.fundaciovallbo.cat\/es\/wp-json\/wp\/v2\/users\/1"}],"replies":[{"embeddable":true,"href":"https:\/\/www.fundaciovallbo.cat\/es\/wp-json\/wp\/v2\/comments?post=2472"}],"version-history":[{"count":3,"href":"https:\/\/www.fundaciovallbo.cat\/es\/wp-json\/wp\/v2\/posts\/2472\/revisions"}],"predecessor-version":[{"id":2478,"href":"https:\/\/www.fundaciovallbo.cat\/es\/wp-json\/wp\/v2\/posts\/2472\/revisions\/2478"}],"wp:featuredmedia":[{"embeddable":true,"href":"https:\/\/www.fundaciovallbo.cat\/es\/wp-json\/wp\/v2\/media\/2504"}],"wp:attachment":[{"href":"https:\/\/www.fundaciovallbo.cat\/es\/wp-json\/wp\/v2\/media?parent=2472"}],"wp:term":[{"taxonomy":"category","embeddable":true,"href":"https:\/\/www.fundaciovallbo.cat\/es\/wp-json\/wp\/v2\/categories?post=2472"},{"taxonomy":"post_tag","embeddable":true,"href":"https:\/\/www.fundaciovallbo.cat\/es\/wp-json\/wp\/v2\/tags?post=2472"}],"curies":[{"name":"wp","href":"https:\/\/api.w.org\/{rel}","templated":true}]}}